{"id":2826,"date":"2025-05-19T09:47:25","date_gmt":"2025-05-19T07:47:25","guid":{"rendered":"https:\/\/vs-schwanberg.at\/vsschwanberg\/?p=2826"},"modified":"2025-05-19T09:47:25","modified_gmt":"2025-05-19T07:47:25","slug":"guetesiegel-bewegte-schule-oesterreich-erhalten","status":"publish","type":"post","link":"https:\/\/vs-schwanberg.at\/vsschwanberg\/2025\/05\/19\/guetesiegel-bewegte-schule-oesterreich-erhalten\/","title":{"rendered":"G\u00fctesiegel \u201eBewegte Schule \u00d6sterreich\u201c erhalten!"},"content":{"rendered":"<p>Wir freuen uns, bekanntgeben zu k\u00f6nnen, dass unsere Schule das G\u00fctesiegel \u201eBewegte Schule \u00d6sterreich\u201c verliehen bekommen hat! Diese Auszeichnung w\u00fcrdigt unser Engagement, ein bewegungsfreundliches und gesundheitsf\u00f6rderndes Umfeld f\u00fcr unsere Sch\u00fcler zu schaffen.<\/p>\n<p>&nbsp;<\/p>\n<p>Im Rahmen dieser Initiative setzen wir uns aktiv daf\u00fcr ein, Bewegung in den Schulalltag zu integrieren. Durch verschiedene Programme und Projekte m\u00f6chten wir unsere Sch\u00fcler dazu ermutigen, mehr aktiv zu sein und die Freude an Bewegung zu entdecken. Dazu geh\u00f6ren unter anderem bewegte Pausen, regelm\u00e4\u00dfige Sportveranstaltungen und innovative Lehrmethoden, die Bewegung in den Unterricht einbinden.<\/p>\n<p>&nbsp;<\/p>\n<p>Das Feedback von Sch\u00fcler\/innen zeigt, dass diese Ma\u00dfnahmen positive Auswirkungen auf das Wohlbefinden und die Konzentration unserer Kinder haben. Wir sind stolz darauf, Teil dieser Initiative zu sein und werden weiterhin daran arbeiten, unsere Schule zu einem Ort zu machen, an dem Bewegung und Gesundheit gro\u00dfgeschrieben werden.<\/p>\n<p>&nbsp;<\/p>\n<p>Edith Schrey<\/p>\n<p><img decoding=\"async\" class=\"alignnone size-medium wp-image-2827\" src=\"http:\/\/vs-schwanberg.at\/vsschwanberg\/wp-content\/uploads\/2025\/05\/logo_bewegte_schule-300x159.png\" alt=\"\" width=\"300\" height=\"159\" srcset=\"https:\/\/vs-schwanberg.at\/vsschwanberg\/wp-content\/uploads\/2025\/05\/logo_bewegte_schule-300x159.png 300w, https:\/\/vs-schwanberg.at\/vsschwanberg\/wp-content\/uploads\/2025\/05\/logo_bewegte_schule-1024x544.png 1024w, https:\/\/vs-schwanberg.at\/vsschwanberg\/wp-content\/uploads\/2025\/05\/logo_bewegte_schule-768x408.png 768w, https:\/\/vs-schwanberg.at\/vsschwanberg\/wp-content\/uploads\/2025\/05\/logo_bewegte_schule-1536x815.png 1536w, https:\/\/vs-schwanberg.at\/vsschwanberg\/wp-content\/uploads\/2025\/05\/logo_bewegte_schule.png 1861w\" sizes=\"(max-width: 300px) 100vw, 300px\" \/><\/p>\n","protected":false},"excerpt":{"rendered":"<p>Wir freuen uns, bekanntgeben zu k\u00f6nnen, dass unsere Schule das G\u00fctesiegel \u201eBewegte Schule \u00d6sterreich\u201c verliehen bekommen hat! Diese Auszeichnung w\u00fcrdigt &hellip; <\/p>\n","protected":false},"author":2,"featured_media":2827,"comment_status":"closed","ping_status":"open","sticky":false,"template":"","format":"standard","meta":{"footnotes":""},"categories":[3],"tags":[],"class_list":["post-2826","post","type-post","status-publish","format-standard","has-post-thumbnail","hentry","category-news"],"_links":{"self":[{"href":"https:\/\/vs-schwanberg.at\/vsschwanberg\/wp-json\/wp\/v2\/posts\/2826","targetHints":{"allow":["GET"]}}],"collection":[{"href":"https:\/\/vs-schwanberg.at\/vsschwanberg\/wp-json\/wp\/v2\/posts"}],"about":[{"href":"https:\/\/vs-schwanberg.at\/vsschwanberg\/wp-json\/wp\/v2\/types\/post"}],"author":[{"embeddable":true,"href":"https:\/\/vs-schwanberg.at\/vsschwanberg\/wp-json\/wp\/v2\/users\/2"}],"replies":[{"embeddable":true,"href":"https:\/\/vs-schwanberg.at\/vsschwanberg\/wp-json\/wp\/v2\/comments?post=2826"}],"version-history":[{"count":2,"href":"https:\/\/vs-schwanberg.at\/vsschwanberg\/wp-json\/wp\/v2\/posts\/2826\/revisions"}],"predecessor-version":[{"id":2829,"href":"https:\/\/vs-schwanberg.at\/vsschwanberg\/wp-json\/wp\/v2\/posts\/2826\/revisions\/2829"}],"wp:featuredmedia":[{"embeddable":true,"href":"https:\/\/vs-schwanberg.at\/vsschwanberg\/wp-json\/wp\/v2\/media\/2827"}],"wp:attachment":[{"href":"https:\/\/vs-schwanberg.at\/vsschwanberg\/wp-json\/wp\/v2\/media?parent=2826"}],"wp:term":[{"taxonomy":"category","embeddable":true,"href":"https:\/\/vs-schwanberg.at\/vsschwanberg\/wp-json\/wp\/v2\/categories?post=2826"},{"taxonomy":"post_tag","embeddable":true,"href":"https:\/\/vs-schwanberg.at\/vsschwanberg\/wp-json\/wp\/v2\/tags?post=2826"}],"curies":[{"name":"wp","href":"https:\/\/api.w.org\/{rel}","templated":true}]}}