{"id":2926,"date":"2025-10-20T12:13:45","date_gmt":"2025-10-20T10:13:45","guid":{"rendered":"https:\/\/vs-schwanberg.at\/vsschwanberg\/?p=2926"},"modified":"2025-11-20T11:15:45","modified_gmt":"2025-11-20T10:15:45","slug":"2926","status":"publish","type":"post","link":"https:\/\/vs-schwanberg.at\/vsschwanberg\/2025\/10\/20\/2926\/","title":{"rendered":"Der 1. Schultag"},"content":{"rendered":"<p>Schulbeginn f\u00fcr 16 Schulanf\u00e4nger in der Volksschule Bad Schwanberg<\/p>\n<p>&nbsp;<\/p>\n<p>Ein neuer Lebensabschnitt begann f\u00fcr 16 aufgeregte Schulanf\u00e4ngerinnen und Schulanf\u00e4nger, die am 08.09.2025 ihre Reise in die Welt des Lernens an der Volksschule Bad Schwanberg antraten. Die Klassenlehrerin Verena Gratz begr\u00fc\u00dfte die Kinder herzlich und gab ihnen einen ersten Einblick in das, was sie in den kommenden Monaten erwartet.<\/p>\n<p>&nbsp;<\/p>\n<p>Besonders dankbar zeigte sich die Schulleitung Frau Dir. Edith Schrey f\u00fcr die Unterst\u00fctzung der Gemeinde und des Elternvereins, die die Organisation und Kosten der Schulsachen und Hefte \u00fcbernommen hatten. Dank dieser Zusammenarbeit konnten die neuen Sch\u00fclerinnen und Sch\u00fcler gut vorbereitet in das Schuljahr starten. Ein herzlicher Dank gilt allen, die zu diesem gelungenen Schulstart beigetragen haben.<\/p>\n<p><img fetchpriority=\"high\" decoding=\"async\" class=\"alignnone size-medium wp-image-2927\" src=\"http:\/\/vs-schwanberg.at\/vsschwanberg\/wp-content\/uploads\/2025\/10\/1a.1-300x225.jpg\" alt=\"\" width=\"300\" height=\"225\" srcset=\"https:\/\/vs-schwanberg.at\/vsschwanberg\/wp-content\/uploads\/2025\/10\/1a.1-300x225.jpg 300w, https:\/\/vs-schwanberg.at\/vsschwanberg\/wp-content\/uploads\/2025\/10\/1a.1-1024x768.jpg 1024w, https:\/\/vs-schwanberg.at\/vsschwanberg\/wp-content\/uploads\/2025\/10\/1a.1-768x576.jpg 768w, https:\/\/vs-schwanberg.at\/vsschwanberg\/wp-content\/uploads\/2025\/10\/1a.1-1536x1152.jpg 1536w, https:\/\/vs-schwanberg.at\/vsschwanberg\/wp-content\/uploads\/2025\/10\/1a.1-2048x1536.jpg 2048w\" sizes=\"(max-width: 300px) 100vw, 300px\" \/><\/p>\n<p>&nbsp;<\/p>\n","protected":false},"excerpt":{"rendered":"<p>Schulbeginn f\u00fcr 16 Schulanf\u00e4nger in der Volksschule Bad Schwanberg &nbsp; Ein neuer Lebensabschnitt begann f\u00fcr 16 aufgeregte Schulanf\u00e4ngerinnen und Schulanf\u00e4nger, &hellip; <\/p>\n","protected":false},"author":2,"featured_media":2928,"comment_status":"closed","ping_status":"open","sticky":false,"template":"","format":"standard","meta":{"footnotes":""},"categories":[3],"tags":[],"class_list":["post-2926","post","type-post","status-publish","format-standard","has-post-thumbnail","hentry","category-news"],"_links":{"self":[{"href":"https:\/\/vs-schwanberg.at\/vsschwanberg\/wp-json\/wp\/v2\/posts\/2926","targetHints":{"allow":["GET"]}}],"collection":[{"href":"https:\/\/vs-schwanberg.at\/vsschwanberg\/wp-json\/wp\/v2\/posts"}],"about":[{"href":"https:\/\/vs-schwanberg.at\/vsschwanberg\/wp-json\/wp\/v2\/types\/post"}],"author":[{"embeddable":true,"href":"https:\/\/vs-schwanberg.at\/vsschwanberg\/wp-json\/wp\/v2\/users\/2"}],"replies":[{"embeddable":true,"href":"https:\/\/vs-schwanberg.at\/vsschwanberg\/wp-json\/wp\/v2\/comments?post=2926"}],"version-history":[{"count":2,"href":"https:\/\/vs-schwanberg.at\/vsschwanberg\/wp-json\/wp\/v2\/posts\/2926\/revisions"}],"predecessor-version":[{"id":2937,"href":"https:\/\/vs-schwanberg.at\/vsschwanberg\/wp-json\/wp\/v2\/posts\/2926\/revisions\/2937"}],"wp:featuredmedia":[{"embeddable":true,"href":"https:\/\/vs-schwanberg.at\/vsschwanberg\/wp-json\/wp\/v2\/media\/2928"}],"wp:attachment":[{"href":"https:\/\/vs-schwanberg.at\/vsschwanberg\/wp-json\/wp\/v2\/media?parent=2926"}],"wp:term":[{"taxonomy":"category","embeddable":true,"href":"https:\/\/vs-schwanberg.at\/vsschwanberg\/wp-json\/wp\/v2\/categories?post=2926"},{"taxonomy":"post_tag","embeddable":true,"href":"https:\/\/vs-schwanberg.at\/vsschwanberg\/wp-json\/wp\/v2\/tags?post=2926"}],"curies":[{"name":"wp","href":"https:\/\/api.w.org\/{rel}","templated":true}]}}